{"id":3242,"date":"2024-12-01T16:49:25","date_gmt":"2024-12-01T15:49:25","guid":{"rendered":"https:\/\/assonances.fr\/WP\/?p=3242"},"modified":"2024-12-01T16:49:25","modified_gmt":"2024-12-01T15:49:25","slug":"nouveau-cours-de-tai-chi-de-synthese-a-richemont","status":"publish","type":"post","link":"https:\/\/assonances.fr\/WP\/nouveau-cours-de-tai-chi-de-synthese-a-richemont\/","title":{"rendered":"Nouveau cours de tai chi de synth\u00e8se \u00e0 Richemont"},"content":{"rendered":"\n<figure class=\"wp-block-image size-large\"><img fetchpriority=\"high\" decoding=\"async\" width=\"1024\" height=\"536\" src=\"https:\/\/assonances.fr\/WP\/wp-content\/uploads\/2024\/12\/20240112-annonce-nouveau-cours-de-tai-chi-a-Richemont-1024x536.jpg\" alt=\"\" class=\"wp-image-3243\" srcset=\"https:\/\/assonances.fr\/WP\/wp-content\/uploads\/2024\/12\/20240112-annonce-nouveau-cours-de-tai-chi-a-Richemont-1024x536.jpg 1024w, https:\/\/assonances.fr\/WP\/wp-content\/uploads\/2024\/12\/20240112-annonce-nouveau-cours-de-tai-chi-a-Richemont-300x157.jpg 300w, https:\/\/assonances.fr\/WP\/wp-content\/uploads\/2024\/12\/20240112-annonce-nouveau-cours-de-tai-chi-a-Richemont-768x402.jpg 768w, https:\/\/assonances.fr\/WP\/wp-content\/uploads\/2024\/12\/20240112-annonce-nouveau-cours-de-tai-chi-a-Richemont.jpg 1200w\" sizes=\"(max-width: 1024px) 100vw, 1024px\" \/><\/figure>\n\n\n\n<h2 class=\"wp-block-heading\">TAi chi chuan de synth\u00e8se \u00e0 Richemont<\/h2>\n\n\n\n<p>Bonjour \u00e0 toutes et tous, j&rsquo;ai le plaisir de vous annoncer l&rsquo;ouverture d&rsquo;un nouveau cours de tai chi chuan de synth\u00e8se \u00e0 Richemont, dans le cadre de l&rsquo;association <strong>\u00ab\u00a0Arts Martiaux Richemont\u00a0\u00bb<\/strong><\/p>\n\n\n\n<p>C&rsquo;est l&rsquo;occasion d&rsquo;anticiper vos bonnes r\u00e9solutions de la nouvelle ann\u00e9e! Et de d\u00e9marrer ou reprendre une activit\u00e9 physique en douceur, et en profondeur.<\/p>\n\n\n\n<p>Venez d\u00e9couvrir cette pratique avec une s\u00e9ance d&rsquo;essais gratuite<\/p>\n\n\n\n<p>La premi\u00e8re s\u00e9ance aura lieu le <strong>5 d\u00e9cembre au Dojo de 10h \u00e0 11h30<\/strong>, 4 Rue Saint Jacques, Richemont. Puis tous les jeudis aux m\u00eame heures durant l&rsquo;ann\u00e9e scolaire.<\/p>\n\n\n\n<p>Le cours est ouvert \u00e0 tout public, nous vous accueillerons avec plaisir <img decoding=\"async\" height=\"16\" width=\"16\" alt=\"\ud83d\ude42\" src=\"https:\/\/static.xx.fbcdn.net\/images\/emoji.php\/v9\/t4c\/1\/16\/1f642.png\"><\/p>\n\n\n\n<p>A tr\u00e8s bient\u00f4t!<\/p>\n\n\n\n<h2 class=\"wp-block-heading\">Informations pratiques<\/h2>\n\n\n\n<ul class=\"wp-block-list\">\n<li>Tenue : nous pratiquons sur un tatami dans le tr\u00e8s agr\u00e9able Dojo de Richemont. Donc pieds nus, pr\u00e9voyez une tenue souple et confortable, sans partie m\u00e9tallique, afin de ne pas ab\u00eemer les tapis. Il y a des vestiaires pour se changer sur place au besoin. Pensez \u00e9galement \u00e0 prendre de l&rsquo;eau.<\/li>\n\n\n\n<li>Horaires : le cours \u00e0 lieu de 10h \u00e0 11h30, arrivez quelques minutes avant le d\u00e9but du cours afin de favoriser le temps de pratique.<\/li>\n\n\n\n<li>Niveau requis : le cours d\u00e9marre, il est donc accessible \u00e0 tout le monde, d\u00e9butants et confirm\u00e9s d\u00e9couvrirons une autre pratique, riche avec de nombreux b\u00e9n\u00e9fices pour le corps et l&rsquo;esprit.<\/li>\n\n\n\n<li>Lieu : au DOJO de Richemont ,suivez le lien pour obtenir le plan d&rsquo;acc\u00e8s : <a href=\"https:\/\/l.facebook.com\/l.php?u=https%3A%2F%2Fmaps.app.goo.gl%2F7zJp2PbEcnCGkEg8A%3Ffbclid%3DIwZXh0bgNhZW0CMTAAAR2WNzG5mBQfbVMskw8ns41d_KEf64CPQCE6TIGYdy5A0PDHjm4t714J2Hc_aem_qqM855cK87XWtEaExPxnHw&amp;h=AT3s7NDE6FyD3eSMMMp7H4WRle1ufnYIO2Mj0K9jPvADy6T-xYns1N6tpglgZl1THZ4x3M1UO8QknjP7W64_DW0Fr33soIT_X07dJr9T_NUC3cooJZKVqfT1lebS2zWcGEM40Ry4yPlOgo8iRbE9&amp;__tn__=q&amp;c[0]=AT2H1CJ9FOM3Nw8JQ8nHaPwmYC-pFg1R23nGQ44KFu7sbUKu_fcm8g8mAipkrClRHKR2Po7PGRVDim7uA8NJxqH7jn36HpSrTxHeCk08qE9K-3XbOtMoj3557z-VdDZGk-vAYjStJJ6qavQitWr6Ic_SQwk11kvuBgiJNw\" target=\"_blank\" rel=\"noreferrer noopener\">https:\/\/maps.app.goo.gl\/7zJp2PbEcnCGkEg8A<\/a><\/li>\n\n\n\n<li>Stationnement : le dojo dispose d&rsquo;un parking, vous pourrez facilement vous stationner \u00e0 proximit\u00e9.<\/li>\n\n\n\n<li>Tarif : la s\u00e9ance d&rsquo;essais est gratuite et sans engagement.<\/li>\n\n\n\n<li>Inscription : si la s\u00e9ance d&rsquo;essais vous a plu, l&rsquo;inscription se fera aupr\u00e8s de l&rsquo;association \u00ab\u00a0Arts martiaux Richemont\u00a0\u00bb, tarif sur place.<\/li>\n<\/ul>\n","protected":false},"excerpt":{"rendered":"<p>TAi chi chuan de synth\u00e8se \u00e0 Richemont Bonjour \u00e0 toutes et tous, j&rsquo;ai le plaisir de vous annoncer l&rsquo;ouverture d&rsquo;un nouveau cours de tai chi chuan de synth\u00e8se \u00e0 Richemont, [&hellip;]<\/p>\n","protected":false},"author":1,"featured_media":0,"comment_status":"open","ping_status":"open","sticky":false,"template":"","format":"standard","meta":{"footnotes":""},"categories":[18],"tags":[52,12,51,45,11],"class_list":["post-3242","post","type-post","status-publish","format-standard","hentry","category-blog","tag-nouveau-cours-de-tai-chi","tag-qi-gong","tag-richemont","tag-sport-sante","tag-tai-chi-chuan","entry"],"_links":{"self":[{"href":"https:\/\/assonances.fr\/WP\/wp-json\/wp\/v2\/posts\/3242","targetHints":{"allow":["GET"]}}],"collection":[{"href":"https:\/\/assonances.fr\/WP\/wp-json\/wp\/v2\/posts"}],"about":[{"href":"https:\/\/assonances.fr\/WP\/wp-json\/wp\/v2\/types\/post"}],"author":[{"embeddable":true,"href":"https:\/\/assonances.fr\/WP\/wp-json\/wp\/v2\/users\/1"}],"replies":[{"embeddable":true,"href":"https:\/\/assonances.fr\/WP\/wp-json\/wp\/v2\/comments?post=3242"}],"version-history":[{"count":1,"href":"https:\/\/assonances.fr\/WP\/wp-json\/wp\/v2\/posts\/3242\/revisions"}],"predecessor-version":[{"id":3244,"href":"https:\/\/assonances.fr\/WP\/wp-json\/wp\/v2\/posts\/3242\/revisions\/3244"}],"wp:attachment":[{"href":"https:\/\/assonances.fr\/WP\/wp-json\/wp\/v2\/media?parent=3242"}],"wp:term":[{"taxonomy":"category","embeddable":true,"href":"https:\/\/assonances.fr\/WP\/wp-json\/wp\/v2\/categories?post=3242"},{"taxonomy":"post_tag","embeddable":true,"href":"https:\/\/assonances.fr\/WP\/wp-json\/wp\/v2\/tags?post=3242"}],"curies":[{"name":"wp","href":"https:\/\/api.w.org\/{rel}","templated":true}]}}