{"id":1815,"date":"2021-08-27T16:34:45","date_gmt":"2021-08-27T14:34:45","guid":{"rendered":"http:\/\/assonances.fr\/WP\/?p=1815"},"modified":"2021-09-03T10:55:02","modified_gmt":"2021-09-03T08:55:02","slug":"rentree-2021","status":"publish","type":"post","link":"https:\/\/assonances.fr\/WP\/rentree-2021\/","title":{"rendered":"Rentr\u00e9e 2021"},"content":{"rendered":"\n<h2 class=\"has-text-align-center wp-block-heading\">Reprise des activit\u00e9s, animations et d\u00e9monstrations. programme de septembre.<\/h2>\n\n\n\n<figure class=\"wp-block-pullquote\"><blockquote><p>Il est grand temps de se remettre \u00e0 respirer et \u00e0 bouger!<\/p><\/blockquote><\/figure>\n\n\n\n<div class=\"wp-block-image\"><figure class=\"aligncenter size-full\"><img fetchpriority=\"high\" decoding=\"async\" width=\"400\" height=\"400\" src=\"https:\/\/assonances.fr\/WP\/wp-content\/uploads\/2020\/04\/YIN-YANG-et-disciplines-400px.png\" alt=\"\" class=\"wp-image-1718\" srcset=\"https:\/\/assonances.fr\/WP\/wp-content\/uploads\/2020\/04\/YIN-YANG-et-disciplines-400px.png 400w, https:\/\/assonances.fr\/WP\/wp-content\/uploads\/2020\/04\/YIN-YANG-et-disciplines-400px-300x300.png 300w, https:\/\/assonances.fr\/WP\/wp-content\/uploads\/2020\/04\/YIN-YANG-et-disciplines-400px-150x150.png 150w\" sizes=\"(max-width: 400px) 100vw, 400px\" \/><figcaption>Tai chi chuan \/ QI gong \/ Self d\u00e9fense \/ Kyusho-jitsu \/ Pratique martiale interne<\/figcaption><\/figure><\/div>\n\n\n\n<h3 class=\"has-large-font-size wp-block-heading\">Dates de reprise des cours \u00e0 partir du lundi 6 septembre<\/h3>\n\n\n\n<h4 class=\"wp-block-heading\">Voici les informations par discipline et par salle<\/h4>\n\n\n\n<ul class=\"has-medium-font-size wp-block-list\"><li><strong>Kyusho-jitsu<\/strong> : le lundi 6 septembre \u00e0 18h30 au dojo de <strong>Gu\u00e9nange<\/strong><\/li><li><strong>Tai chi chuan martial et travail martial interne<\/strong> : le lundi 6 septembre \u00e0 20h15 au dojo de <strong>Gu\u00e9nange<\/strong><\/li><li><strong>Tai chi style Yang et Qi gong<\/strong> : le mardi 7 septembre \u00e0 20h30 au dojo de <strong>Gu\u00e9nange<\/strong><\/li><li><strong>Tai chi style Yang et Qi gong<\/strong> : le mercredi 8 septembre \u00e0 9h30 au <strong>dojo Budokan de Florange<\/strong><\/li><li><strong>Self d\u00e9fense<\/strong> :  le mercredi 8 septembre \u00e0 19h40 au dojo de <strong>Gu\u00e9nange<\/strong> <em>(nouvel horaire!)<\/em><\/li><li><strong>Tai chi chuan style Sun et Qi gong<\/strong> : le jeudi 9 septembre \u00e0 20h30 au dojo de <strong>Gu\u00e9nange<\/strong><\/li><li><strong>Tai chi style Yang et Qi gong<\/strong> : le vendredi 10 septembre \u00e0 9h00 au dojo de <strong>Gu\u00e9nange<\/strong><\/li><li><strong>Tai chi style Yang et Qi gong<\/strong> : le vendredi 10 septembre \u00e0 17h30 <strong>zone Cormontaigne Thionville<\/strong><\/li><li>Mise \u00e0 jour des informations de rentr\u00e9e :<ul><li>Salle <em><strong>Fitness de Yutz<\/strong> <\/em>au Village D\u00e9cathlon<ul><li><strong>Self d\u00e9fense<\/strong> : le lundi 13 septembre \u00e0 14h<\/li><li><strong>tai chi chuan style Sun<\/strong> : le jeudi 15 septembre \u00e0 14h<\/li><\/ul><\/li><li><strong>Mondorf Domaine Thermal<\/strong> : le lundi 13 septembre \u00e0 10h30, pour les mardis \u00e0 18h15 contactez Yannick<\/li><li><em><strong>Maison des Associations<\/strong> <\/em><ul><li>Il n&rsquo;y a pas de date de reprise des cours fix\u00e9e pour les cours du dimanche matin. Nous vous tiendrons inform\u00e9s en cours de saison.<\/li><\/ul><\/li><\/ul><\/li><\/ul>\n\n\n\n<div class=\"wp-block-image\"><figure class=\"aligncenter size-large is-resized\"><img decoding=\"async\" src=\"https:\/\/assonances.fr\/WP\/wp-content\/uploads\/2020\/08\/Ideogramme-chi-1100px-1024x965.png\" alt=\"\" class=\"wp-image-1751\" width=\"240\" height=\"226\" srcset=\"https:\/\/assonances.fr\/WP\/wp-content\/uploads\/2020\/08\/Ideogramme-chi-1100px-1024x965.png 1024w, https:\/\/assonances.fr\/WP\/wp-content\/uploads\/2020\/08\/Ideogramme-chi-1100px-300x283.png 300w, https:\/\/assonances.fr\/WP\/wp-content\/uploads\/2020\/08\/Ideogramme-chi-1100px-768x724.png 768w, https:\/\/assonances.fr\/WP\/wp-content\/uploads\/2020\/08\/Ideogramme-chi-1100px.png 1100w\" sizes=\"(max-width: 240px) 100vw, 240px\" \/><figcaption>Le Qi<\/figcaption><\/figure><\/div>\n\n\n\n<h2 class=\"has-text-align-center wp-block-heading\">Animations et d\u00e9monstrations<\/h2>\n\n\n\n<p class=\"has-medium-font-size\">Comme chaque ann\u00e9e, nous tiendrons un stand lors de l&rsquo;\u00e9v\u00e9nement <strong>\u00ab\u00a0Vital Sport\u00a0\u00bb<\/strong> organis\u00e9 sur le site du village D\u00e9cathon de Yutz <em>(ZAC Meilbourg)<\/em>. Nous vous donnons rendez-vous les <strong>samedi 11 et dimanche 12 septembre<\/strong> tout au long de la journ\u00e9e. Vous pourrez nous rencontrer, d\u00e9couvrir nos pratiques et trouvez toutes les informations dont vous aurez besoin pour bien d\u00e9buter la saison. Notre stand se trouvera sur la droite \u00e0 l&rsquo;arri\u00e8re du magasin.<\/p>\n\n\n\n<div class=\"wp-block-image is-style-rounded\"><figure class=\"aligncenter size-large is-resized\"><img decoding=\"async\" src=\"https:\/\/assonances.fr\/WP\/wp-content\/uploads\/2020\/04\/P1030616-r-1-1024x576.jpg\" alt=\"\" class=\"wp-image-1595\" width=\"558\" height=\"313\" srcset=\"https:\/\/assonances.fr\/WP\/wp-content\/uploads\/2020\/04\/P1030616-r-1-1024x576.jpg 1024w, https:\/\/assonances.fr\/WP\/wp-content\/uploads\/2020\/04\/P1030616-r-1-300x169.jpg 300w, https:\/\/assonances.fr\/WP\/wp-content\/uploads\/2020\/04\/P1030616-r-1-768x432.jpg 768w, https:\/\/assonances.fr\/WP\/wp-content\/uploads\/2020\/04\/P1030616-r-1-1536x864.jpg 1536w, https:\/\/assonances.fr\/WP\/wp-content\/uploads\/2020\/04\/P1030616-r-1.jpg 2000w\" sizes=\"(max-width: 558px) 100vw, 558px\" \/><figcaption>Initiation matinale, au village d\u00e9cathlon lors de la journ\u00e9e du tai chi et du qi gong.<\/figcaption><\/figure><\/div>\n\n\n\n<p> <\/p>\n\n\n\n<h2 class=\"has-text-align-center wp-block-heading\">Accueil des participants<\/h2>\n\n\n\n<p class=\"has-text-align-center has-medium-font-size\"><strong><em>Des bons rapports humains sont plus que jamais une composante n\u00e9cessaire de la vie et de la pratique.<\/em><\/strong><\/p>\n\n\n\n<p style=\"font-size:18px\">Nos animateurs, b\u00e9n\u00e9voles et pratiquants r\u00e9servent un accueil bienveillant et sont dispos\u00e9s \u00e0 vous accompagner lors de votre arriv\u00e9e dans l&rsquo;association, lors de votre s\u00e9ance d&rsquo;essai et apr\u00e8s votre inscription.<\/p>\n\n\n\n<p style=\"font-size:18px\">Les cours sont adapt\u00e9s \u00e0 tous les niveaux de pratique du d\u00e9butant, au pratiquant chevronn\u00e9. Les enseignants et pratiquants sont toujours attentifs aux personnes pr\u00e9sentes.<\/p>\n\n\n\n<div class=\"wp-block-image\"><figure class=\"aligncenter size-full is-resized\"><img loading=\"lazy\" decoding=\"async\" src=\"https:\/\/assonances.fr\/WP\/wp-content\/uploads\/2020\/04\/XIN-dans-WUJI-jaune-250px.png\" alt=\"\" class=\"wp-image-1713\" width=\"177\" height=\"182\"\/><figcaption>Le c\u0153ur \u00ab\u00a0Xin\u00a0\u00bb<\/figcaption><\/figure><\/div>\n\n\n\n<h2 class=\"has-text-align-center wp-block-heading\">N&rsquo;h\u00e9sitez pas \u00e0 nous contacter, venir nous rencontrer.<\/h2>\n\n\n\n<p class=\"has-drop-cap has-text-align-left has-text-color has-background has-medium-font-size\" style=\"background-color:#ffb605;color:#483e23\">Nous accueillons les \u00e9l\u00e8ves tout au long de la saison, donc ne vous inqui\u00e9tez pas, si vous avez loup\u00e9 la rentr\u00e9e vous serez les bienvenu(e)s pour nous rejoindre au moment ou vous arriverez.<\/p>\n\n\n\n<div class=\"wp-block-image\"><figure class=\"aligncenter size-full\"><img loading=\"lazy\" decoding=\"async\" width=\"400\" height=\"235\" src=\"https:\/\/assonances.fr\/WP\/wp-content\/uploads\/2020\/04\/cartouche_FlancDroitBas_versionNOIR.png\" alt=\"\" class=\"wp-image-1563\" srcset=\"https:\/\/assonances.fr\/WP\/wp-content\/uploads\/2020\/04\/cartouche_FlancDroitBas_versionNOIR.png 400w, https:\/\/assonances.fr\/WP\/wp-content\/uploads\/2020\/04\/cartouche_FlancDroitBas_versionNOIR-300x176.png 300w\" sizes=\"(max-width: 400px) 100vw, 400px\" \/><\/figure><\/div>\n","protected":false},"excerpt":{"rendered":"<p>Reprise des activit\u00e9s, animations et d\u00e9monstrations. programme de septembre. Il est grand temps de se remettre \u00e0 respirer et \u00e0 bouger! Dates de reprise des cours \u00e0 partir du lundi [&hellip;]<\/p>\n","protected":false},"author":1,"featured_media":0,"comment_status":"closed","ping_status":"closed","sticky":true,"template":"","format":"standard","meta":{"footnotes":""},"categories":[18],"tags":[26,24,20,12,21,19,11,23,25],"class_list":["post-1815","post","type-post","status-publish","format-standard","hentry","category-blog","tag-florange","tag-guenange","tag-kyusho-jitsu","tag-qi-gong","tag-reprise-des-cours","tag-self-defense","tag-tai-chi-chuan","tag-thionville","tag-yutz","entry"],"_links":{"self":[{"href":"https:\/\/assonances.fr\/WP\/wp-json\/wp\/v2\/posts\/1815","targetHints":{"allow":["GET"]}}],"collection":[{"href":"https:\/\/assonances.fr\/WP\/wp-json\/wp\/v2\/posts"}],"about":[{"href":"https:\/\/assonances.fr\/WP\/wp-json\/wp\/v2\/types\/post"}],"author":[{"embeddable":true,"href":"https:\/\/assonances.fr\/WP\/wp-json\/wp\/v2\/users\/1"}],"replies":[{"embeddable":true,"href":"https:\/\/assonances.fr\/WP\/wp-json\/wp\/v2\/comments?post=1815"}],"version-history":[{"count":21,"href":"https:\/\/assonances.fr\/WP\/wp-json\/wp\/v2\/posts\/1815\/revisions"}],"predecessor-version":[{"id":1843,"href":"https:\/\/assonances.fr\/WP\/wp-json\/wp\/v2\/posts\/1815\/revisions\/1843"}],"wp:attachment":[{"href":"https:\/\/assonances.fr\/WP\/wp-json\/wp\/v2\/media?parent=1815"}],"wp:term":[{"taxonomy":"category","embeddable":true,"href":"https:\/\/assonances.fr\/WP\/wp-json\/wp\/v2\/categories?post=1815"},{"taxonomy":"post_tag","embeddable":true,"href":"https:\/\/assonances.fr\/WP\/wp-json\/wp\/v2\/tags?post=1815"}],"curies":[{"name":"wp","href":"https:\/\/api.w.org\/{rel}","templated":true}]}}